{"id":355,"date":"2016-02-09T17:32:19","date_gmt":"2016-02-09T17:32:19","guid":{"rendered":"http:\/\/blog.originalpeople.net\/sv\/?p=355"},"modified":"2019-01-18T10:35:33","modified_gmt":"2019-01-18T09:35:33","slug":"kreativ-gava-till-valentines","status":"publish","type":"post","link":"https:\/\/blog.originalpeople.com\/sv\/2016\/02\/09\/kreativ-gava-till-valentines\/","title":{"rendered":"Kreativ g\u00e5va till Alla hj\u00e4rtans dag!"},"content":{"rendered":"<p><p style=\"text-align: justify;\">Har du id\u00e9torka till Alla hj\u00e4rtans dag? Vill du k\u00f6pa en kreativ g\u00e5va? N\u00e5got som du inte k\u00f6pt f\u00f6rut? N\u00e5got personligt? N\u00e5got unikt? N\u00e5got roligt?<\/p>\n<p>\n<p style=\"text-align: justify;\">K\u00f6p d\u00e5 en sticker dekal med ett personligt och romantiskt meddelande. Designa en dekal med dig sj\u00e4lv och din \u00e4lskade eller en dekal som gestaltar din \u00e4lskade och hens intressen och skriv ett personligt meddelande under.<\/p>\n<p>\n<p style=\"text-align: justify;\">V\u00e5ra dekaler kan s\u00e4ttas p\u00e5 alla typer av plana ytor, som t.ex. bilf\u00f6nster, billack, d\u00f6rrar, brevl\u00e5dor, b\u00e4rbara datorer, surfplattor, foldrar, glasf\u00f6nster osv.<\/p>\n<p><p>\nVarf\u00f6r firar vi Alla hj\u00e4rtans dag?<\/p>\n<p><p style=\"text-align: justify;\">Firandet av helgonet Valentinus den 14 februari b\u00f6rjade inom den <a class=\"mw-redirect\" title=\"Katolska kyrkan\" href=\"https:\/\/sv.wikipedia.org\/wiki\/Katolska_kyrkan\">katolska kyrkan<\/a> redan i slutet av <a title=\"400-talet\" href=\"https:\/\/sv.wikipedia.org\/wiki\/400-talet\">400-talet<\/a>, men exakt vem denne var \u00e4r oklart. Flera olika <a title=\"Martyr\" href=\"https:\/\/sv.wikipedia.org\/wiki\/Martyr\">martyrer<\/a> med namnet Valentinus fr\u00e5n <a title=\"200-talet\" href=\"https:\/\/sv.wikipedia.org\/wiki\/200-talet\">200-<\/a> och<a title=\"300-talet\" href=\"https:\/\/sv.wikipedia.org\/wiki\/300-talet\">300-talet<\/a> \u00e4r dokumenterade, \u00e4ven om n\u00e4stan ingenting konkret \u00e4r k\u00e4nt om dem. Enligt en sen medeltida helgonlevnad ska Sankt Valentinus ha \u00e5tergett synen \u00e5t sin f\u00e5ngvaktares dotter \u2013 n\u00e5got som kom att inlemmas i vissa moderna historier om Sankt Valentin.<\/p>\n<p>\n<p style=\"text-align: justify;\">Kopplingen till <a class=\"mw-disambig\" title=\"Romantik\" href=\"https:\/\/sv.wikipedia.org\/wiki\/Romantik\">romantik<\/a> och <a title=\"K\u00e4rlek\" href=\"https:\/\/sv.wikipedia.org\/wiki\/K%C3%A4rlek\">k\u00e4rlek<\/a> uppkom f\u00f6rst under medeltiden och uppstod m\u00f6jligtvis genom en folklig f\u00f6rest\u00e4llning om att <a title=\"F\u00e5glar\" href=\"https:\/\/sv.wikipedia.org\/wiki\/F%C3%A5glar\">f\u00e5glar<\/a> i mitten av februari s\u00f6kte och fann sin partner. Detta inspirerade pojkar och flickor att fundera p\u00e5 vem som skulle bli deras <i>Valentin<\/i>, det vill s\u00e4ga vem som de skulle h\u00e5lla ihop med minst ett \u00e5r fram\u00f6ver.<\/p>\n<p>\n<p style=\"text-align: justify;\">I Sverige har firandet av <a title=\"Sankt Valentin\" href=\"https:\/\/sv.wikipedia.org\/wiki\/Sankt_Valentin\">Sankt Valentin<\/a> och alla hj\u00e4rtans dag inte f\u00f6rekommit i n\u00e5gon st\u00f6rre utstr\u00e4ckning f\u00f6rr\u00e4n p\u00e5 <a title=\"1960-talet\" href=\"https:\/\/sv.wikipedia.org\/wiki\/1960-talet\">1960-talet<\/a>, d\u00e5 det lanserades av <a class=\"mw-redirect\" title=\"Kommersiella\" href=\"https:\/\/sv.wikipedia.org\/wiki\/Kommersiella\">kommersiella<\/a> sk\u00e4l och genom <a title=\"USA\" href=\"https:\/\/sv.wikipedia.org\/wiki\/USA\">amerikansk<\/a> kulturell p\u00e5verkan. <a class=\"mw-redirect\" title=\"Nordiska Kompaniet\" href=\"https:\/\/sv.wikipedia.org\/wiki\/Nordiska_Kompaniet\">Nordiska Kompaniet<\/a> f\u00f6rs\u00f6kte importera seden till Sverige 1956, men det tog tid innan firandet blev mer \u00e4n det hj\u00e4rtformade gel\u00e9godiset. Under 1990-talet tog dock firandet fart (kanske som en f\u00f6ljd av uppm\u00e4rksamheten i skolorna) och har funnit sin plats som alla hj\u00e4rtans dag i den svenska h\u00f6gtidskalendern.<\/p>\n<p>\n<p style=\"text-align: justify;\">Testa sj\u00e4lv h\u00e4r: <a href=\"https:\/\/www.originalpeople.se\/\">originalpeople.se<\/a><\/p>\n<p><p>\n<img decoding=\"async\" loading=\"lazy\" class=\"size-medium wp-image-326\" src=\"https:\/\/blog.originalpeople.com\/wp-content\/uploads\/2016\/10\/160204_ORIPEO_stvalentin_END_high-300x162.jpg\" alt=\"OriginalPeople\" width=\"300\" height=\"162\" \/><\/p>\n","protected":false},"excerpt":{"rendered":"<p>Har du id\u00e9torka till Alla hj\u00e4rtans dag? Vill du k\u00f6pa en kreativ g\u00e5va? N\u00e5got som du inte k\u00f6pt f\u00f6rut? N\u00e5got personligt? N\u00e5got unikt? N\u00e5got roligt? K\u00f6p d\u00e5 en sticker dekal med ett personligt och romantiskt meddelande. Designa en dekal med dig sj\u00e4lv och din \u00e4lskade eller en dekal som gestaltar din \u00e4lskade och hens intressen &hellip; <a href=\"https:\/\/blog.originalpeople.com\/sv\/2016\/02\/09\/kreativ-gava-till-valentines\/\" class=\"more-link\">Forts\u00e4tt l\u00e4sa<span class=\"screen-reader-text\"> &#8221;Kreativ g\u00e5va till Alla hj\u00e4rtans dag!&#8221;<\/span><\/a><\/p>\n","protected":false},"author":1,"featured_media":0,"comment_status":"closed","ping_status":"open","sticky":false,"template":"","format":"standard","meta":{"footnotes":""},"categories":[4],"tags":[],"yoast_head":"<!-- This site is optimized with the Yoast SEO plugin v21.1 - https:\/\/yoast.com\/wordpress\/plugins\/seo\/ -->\n<title>Kreativ g\u00e5va till Alla hj\u00e4rtans dag! - Originalpeople<\/title>\n<meta name=\"robots\" content=\"index, follow, max-snippet:-1, max-image-preview:large, max-video-preview:-1\" \/>\n<link rel=\"canonical\" href=\"https:\/\/blog.originalpeople.com\/sv\/2016\/02\/09\/kreativ-gava-till-valentines\/\" \/>\n<meta property=\"og:locale\" content=\"sv_SE\" \/>\n<meta property=\"og:type\" content=\"article\" \/>\n<meta property=\"og:title\" content=\"Kreativ g\u00e5va till Alla hj\u00e4rtans dag! - Originalpeople\" \/>\n<meta property=\"og:description\" content=\"Har du id\u00e9torka till Alla hj\u00e4rtans dag? Vill du k\u00f6pa en kreativ g\u00e5va? N\u00e5got som du inte k\u00f6pt f\u00f6rut? N\u00e5got personligt? N\u00e5got unikt? N\u00e5got roligt? K\u00f6p d\u00e5 en sticker dekal med ett personligt och romantiskt meddelande. Designa en dekal med dig sj\u00e4lv och din \u00e4lskade eller en dekal som gestaltar din \u00e4lskade och hens intressen &hellip; Forts\u00e4tt l\u00e4sa &quot;Kreativ g\u00e5va till Alla hj\u00e4rtans dag!&quot;\" \/>\n<meta property=\"og:url\" content=\"https:\/\/blog.originalpeople.com\/sv\/2016\/02\/09\/kreativ-gava-till-valentines\/\" \/>\n<meta property=\"og:site_name\" content=\"Originalpeople\" \/>\n<meta property=\"article:published_time\" content=\"2016-02-09T17:32:19+00:00\" \/>\n<meta property=\"article:modified_time\" content=\"2019-01-18T09:35:33+00:00\" \/>\n<meta property=\"og:image\" content=\"https:\/\/blog.originalpeople.com\/wp-content\/uploads\/2016\/10\/160204_ORIPEO_stvalentin_END_high-300x162.jpg\" \/>\n<meta name=\"author\" content=\"op\" \/>\n<meta name=\"twitter:card\" content=\"summary_large_image\" \/>\n<meta name=\"twitter:label1\" content=\"Skriven av\" \/>\n\t<meta name=\"twitter:data1\" content=\"op\" \/>\n\t<meta name=\"twitter:label2\" content=\"Ber\u00e4knad l\u00e4stid\" \/>\n\t<meta name=\"twitter:data2\" content=\"2 minuter\" \/>\n<script type=\"application\/ld+json\" class=\"yoast-schema-graph\">{\"@context\":\"https:\/\/schema.org\",\"@graph\":[{\"@type\":\"Article\",\"@id\":\"https:\/\/blog.originalpeople.com\/sv\/2016\/02\/09\/kreativ-gava-till-valentines\/#article\",\"isPartOf\":{\"@id\":\"https:\/\/blog.originalpeople.com\/sv\/2016\/02\/09\/kreativ-gava-till-valentines\/\"},\"author\":{\"name\":\"op\",\"@id\":\"https:\/\/blog.originalpeople.com\/es\/#\/schema\/person\/ea0e0d0ec5ff98b7d684de07e3457c84\"},\"headline\":\"Kreativ g\u00e5va till Alla hj\u00e4rtans dag!\",\"datePublished\":\"2016-02-09T17:32:19+00:00\",\"dateModified\":\"2019-01-18T09:35:33+00:00\",\"mainEntityOfPage\":{\"@id\":\"https:\/\/blog.originalpeople.com\/sv\/2016\/02\/09\/kreativ-gava-till-valentines\/\"},\"wordCount\":363,\"publisher\":{\"@id\":\"https:\/\/blog.originalpeople.com\/es\/#organization\"},\"articleSection\":[\"Okategoriserad\"],\"inLanguage\":\"sv-SE\"},{\"@type\":\"WebPage\",\"@id\":\"https:\/\/blog.originalpeople.com\/sv\/2016\/02\/09\/kreativ-gava-till-valentines\/\",\"url\":\"https:\/\/blog.originalpeople.com\/sv\/2016\/02\/09\/kreativ-gava-till-valentines\/\",\"name\":\"Kreativ g\u00e5va till Alla hj\u00e4rtans dag! - Originalpeople\",\"isPartOf\":{\"@id\":\"https:\/\/blog.originalpeople.com\/es\/#website\"},\"datePublished\":\"2016-02-09T17:32:19+00:00\",\"dateModified\":\"2019-01-18T09:35:33+00:00\",\"breadcrumb\":{\"@id\":\"https:\/\/blog.originalpeople.com\/sv\/2016\/02\/09\/kreativ-gava-till-valentines\/#breadcrumb\"},\"inLanguage\":\"sv-SE\",\"potentialAction\":[{\"@type\":\"ReadAction\",\"target\":[\"https:\/\/blog.originalpeople.com\/sv\/2016\/02\/09\/kreativ-gava-till-valentines\/\"]}]},{\"@type\":\"BreadcrumbList\",\"@id\":\"https:\/\/blog.originalpeople.com\/sv\/2016\/02\/09\/kreativ-gava-till-valentines\/#breadcrumb\",\"itemListElement\":[{\"@type\":\"ListItem\",\"position\":1,\"name\":\"Home\",\"item\":\"https:\/\/blog.originalpeople.com\/sv\/\"},{\"@type\":\"ListItem\",\"position\":2,\"name\":\"Kreativ g\u00e5va till Alla hj\u00e4rtans dag!\"}]},{\"@type\":\"WebSite\",\"@id\":\"https:\/\/blog.originalpeople.com\/es\/#website\",\"url\":\"https:\/\/blog.originalpeople.com\/es\/\",\"name\":\"Originalpeople\",\"description\":\"Where you design personal sticker decals!\",\"publisher\":{\"@id\":\"https:\/\/blog.originalpeople.com\/es\/#organization\"},\"potentialAction\":[{\"@type\":\"SearchAction\",\"target\":{\"@type\":\"EntryPoint\",\"urlTemplate\":\"https:\/\/blog.originalpeople.com\/es\/?s={search_term_string}\"},\"query-input\":\"required name=search_term_string\"}],\"inLanguage\":\"sv-SE\"},{\"@type\":\"Organization\",\"@id\":\"https:\/\/blog.originalpeople.com\/es\/#organization\",\"name\":\"Originalpeople\",\"url\":\"https:\/\/blog.originalpeople.com\/es\/\",\"logo\":{\"@type\":\"ImageObject\",\"inLanguage\":\"sv-SE\",\"@id\":\"https:\/\/blog.originalpeople.com\/es\/#\/schema\/logo\/image\/\",\"url\":\"https:\/\/blog.originalpeople.com\/wp-content\/uploads\/2016\/10\/oplogo-color-250x56-1.png\",\"contentUrl\":\"https:\/\/blog.originalpeople.com\/wp-content\/uploads\/2016\/10\/oplogo-color-250x56-1.png\",\"width\":250,\"height\":56,\"caption\":\"Originalpeople\"},\"image\":{\"@id\":\"https:\/\/blog.originalpeople.com\/es\/#\/schema\/logo\/image\/\"}},{\"@type\":\"Person\",\"@id\":\"https:\/\/blog.originalpeople.com\/es\/#\/schema\/person\/ea0e0d0ec5ff98b7d684de07e3457c84\",\"name\":\"op\",\"image\":{\"@type\":\"ImageObject\",\"inLanguage\":\"sv-SE\",\"@id\":\"https:\/\/blog.originalpeople.com\/es\/#\/schema\/person\/image\/\",\"url\":\"https:\/\/secure.gravatar.com\/avatar\/b93c4e34c7af02560f0e31f0f96ff05c?s=96&d=mm&r=g\",\"contentUrl\":\"https:\/\/secure.gravatar.com\/avatar\/b93c4e34c7af02560f0e31f0f96ff05c?s=96&d=mm&r=g\",\"caption\":\"op\"},\"sameAs\":[\"http:\/\/www.originalpeople.com\"],\"url\":\"https:\/\/blog.originalpeople.com\/sv\/author\/op\/\"}]}<\/script>\n<!-- \/ Yoast SEO plugin. -->","yoast_head_json":{"title":"Kreativ g\u00e5va till Alla hj\u00e4rtans dag! - Originalpeople","robots":{"index":"index","follow":"follow","max-snippet":"max-snippet:-1","max-image-preview":"max-image-preview:large","max-video-preview":"max-video-preview:-1"},"canonical":"https:\/\/blog.originalpeople.com\/sv\/2016\/02\/09\/kreativ-gava-till-valentines\/","og_locale":"sv_SE","og_type":"article","og_title":"Kreativ g\u00e5va till Alla hj\u00e4rtans dag! - Originalpeople","og_description":"Har du id\u00e9torka till Alla hj\u00e4rtans dag? Vill du k\u00f6pa en kreativ g\u00e5va? N\u00e5got som du inte k\u00f6pt f\u00f6rut? N\u00e5got personligt? N\u00e5got unikt? N\u00e5got roligt? K\u00f6p d\u00e5 en sticker dekal med ett personligt och romantiskt meddelande. Designa en dekal med dig sj\u00e4lv och din \u00e4lskade eller en dekal som gestaltar din \u00e4lskade och hens intressen &hellip; Forts\u00e4tt l\u00e4sa \"Kreativ g\u00e5va till Alla hj\u00e4rtans dag!\"","og_url":"https:\/\/blog.originalpeople.com\/sv\/2016\/02\/09\/kreativ-gava-till-valentines\/","og_site_name":"Originalpeople","article_published_time":"2016-02-09T17:32:19+00:00","article_modified_time":"2019-01-18T09:35:33+00:00","og_image":[{"url":"https:\/\/blog.originalpeople.com\/wp-content\/uploads\/2016\/10\/160204_ORIPEO_stvalentin_END_high-300x162.jpg"}],"author":"op","twitter_card":"summary_large_image","twitter_misc":{"Skriven av":"op","Ber\u00e4knad l\u00e4stid":"2 minuter"},"schema":{"@context":"https:\/\/schema.org","@graph":[{"@type":"Article","@id":"https:\/\/blog.originalpeople.com\/sv\/2016\/02\/09\/kreativ-gava-till-valentines\/#article","isPartOf":{"@id":"https:\/\/blog.originalpeople.com\/sv\/2016\/02\/09\/kreativ-gava-till-valentines\/"},"author":{"name":"op","@id":"https:\/\/blog.originalpeople.com\/es\/#\/schema\/person\/ea0e0d0ec5ff98b7d684de07e3457c84"},"headline":"Kreativ g\u00e5va till Alla hj\u00e4rtans dag!","datePublished":"2016-02-09T17:32:19+00:00","dateModified":"2019-01-18T09:35:33+00:00","mainEntityOfPage":{"@id":"https:\/\/blog.originalpeople.com\/sv\/2016\/02\/09\/kreativ-gava-till-valentines\/"},"wordCount":363,"publisher":{"@id":"https:\/\/blog.originalpeople.com\/es\/#organization"},"articleSection":["Okategoriserad"],"inLanguage":"sv-SE"},{"@type":"WebPage","@id":"https:\/\/blog.originalpeople.com\/sv\/2016\/02\/09\/kreativ-gava-till-valentines\/","url":"https:\/\/blog.originalpeople.com\/sv\/2016\/02\/09\/kreativ-gava-till-valentines\/","name":"Kreativ g\u00e5va till Alla hj\u00e4rtans dag! - Originalpeople","isPartOf":{"@id":"https:\/\/blog.originalpeople.com\/es\/#website"},"datePublished":"2016-02-09T17:32:19+00:00","dateModified":"2019-01-18T09:35:33+00:00","breadcrumb":{"@id":"https:\/\/blog.originalpeople.com\/sv\/2016\/02\/09\/kreativ-gava-till-valentines\/#breadcrumb"},"inLanguage":"sv-SE","potentialAction":[{"@type":"ReadAction","target":["https:\/\/blog.originalpeople.com\/sv\/2016\/02\/09\/kreativ-gava-till-valentines\/"]}]},{"@type":"BreadcrumbList","@id":"https:\/\/blog.originalpeople.com\/sv\/2016\/02\/09\/kreativ-gava-till-valentines\/#breadcrumb","itemListElement":[{"@type":"ListItem","position":1,"name":"Home","item":"https:\/\/blog.originalpeople.com\/sv\/"},{"@type":"ListItem","position":2,"name":"Kreativ g\u00e5va till Alla hj\u00e4rtans dag!"}]},{"@type":"WebSite","@id":"https:\/\/blog.originalpeople.com\/es\/#website","url":"https:\/\/blog.originalpeople.com\/es\/","name":"Originalpeople","description":"Where you design personal sticker decals!","publisher":{"@id":"https:\/\/blog.originalpeople.com\/es\/#organization"},"potentialAction":[{"@type":"SearchAction","target":{"@type":"EntryPoint","urlTemplate":"https:\/\/blog.originalpeople.com\/es\/?s={search_term_string}"},"query-input":"required name=search_term_string"}],"inLanguage":"sv-SE"},{"@type":"Organization","@id":"https:\/\/blog.originalpeople.com\/es\/#organization","name":"Originalpeople","url":"https:\/\/blog.originalpeople.com\/es\/","logo":{"@type":"ImageObject","inLanguage":"sv-SE","@id":"https:\/\/blog.originalpeople.com\/es\/#\/schema\/logo\/image\/","url":"https:\/\/blog.originalpeople.com\/wp-content\/uploads\/2016\/10\/oplogo-color-250x56-1.png","contentUrl":"https:\/\/blog.originalpeople.com\/wp-content\/uploads\/2016\/10\/oplogo-color-250x56-1.png","width":250,"height":56,"caption":"Originalpeople"},"image":{"@id":"https:\/\/blog.originalpeople.com\/es\/#\/schema\/logo\/image\/"}},{"@type":"Person","@id":"https:\/\/blog.originalpeople.com\/es\/#\/schema\/person\/ea0e0d0ec5ff98b7d684de07e3457c84","name":"op","image":{"@type":"ImageObject","inLanguage":"sv-SE","@id":"https:\/\/blog.originalpeople.com\/es\/#\/schema\/person\/image\/","url":"https:\/\/secure.gravatar.com\/avatar\/b93c4e34c7af02560f0e31f0f96ff05c?s=96&d=mm&r=g","contentUrl":"https:\/\/secure.gravatar.com\/avatar\/b93c4e34c7af02560f0e31f0f96ff05c?s=96&d=mm&r=g","caption":"op"},"sameAs":["http:\/\/www.originalpeople.com"],"url":"https:\/\/blog.originalpeople.com\/sv\/author\/op\/"}]}},"yoast_meta":{"yoast_wpseo_focuskw":"Kreativ g\u00e5va till Alla hj\u00e4rtans dag","yoast_wpseo_title":"","yoast_wpseo_metadesc":"","yoast_wpseo_linkdex":"66","yoast_wpseo_metakeywords":"","yoast_wpseo_meta-robots-noindex":"","yoast_wpseo_meta-robots-nofollow":"","yoast_wpseo_meta-robots-adv":"","yoast_wpseo_canonical":"","yoast_wpseo_redirect":"","yoast_wpseo_opengraph-title":"","yoast_wpseo_opengraph-description":"","yoast_wpseo_opengraph-image":"","yoast_wpseo_twitter-title":"","yoast_wpseo_twitter-description":"","yoast_wpseo_twitter-image":""},"_links":{"self":[{"href":"https:\/\/blog.originalpeople.com\/sv\/wp-json\/wp\/v2\/posts\/355"}],"collection":[{"href":"https:\/\/blog.originalpeople.com\/sv\/wp-json\/wp\/v2\/posts"}],"about":[{"href":"https:\/\/blog.originalpeople.com\/sv\/wp-json\/wp\/v2\/types\/post"}],"author":[{"embeddable":true,"href":"https:\/\/blog.originalpeople.com\/sv\/wp-json\/wp\/v2\/users\/1"}],"replies":[{"embeddable":true,"href":"https:\/\/blog.originalpeople.com\/sv\/wp-json\/wp\/v2\/comments?post=355"}],"version-history":[{"count":3,"href":"https:\/\/blog.originalpeople.com\/sv\/wp-json\/wp\/v2\/posts\/355\/revisions"}],"predecessor-version":[{"id":2390,"href":"https:\/\/blog.originalpeople.com\/sv\/wp-json\/wp\/v2\/posts\/355\/revisions\/2390"}],"wp:attachment":[{"href":"https:\/\/blog.originalpeople.com\/sv\/wp-json\/wp\/v2\/media?parent=355"}],"wp:term":[{"taxonomy":"category","embeddable":true,"href":"https:\/\/blog.originalpeople.com\/sv\/wp-json\/wp\/v2\/categories?post=355"},{"taxonomy":"post_tag","embeddable":true,"href":"https:\/\/blog.originalpeople.com\/sv\/wp-json\/wp\/v2\/tags?post=355"}],"curies":[{"name":"wp","href":"https:\/\/api.w.org\/{rel}","templated":true}]}}