{"id":2995,"date":"2019-06-20T16:26:15","date_gmt":"2019-06-20T15:26:15","guid":{"rendered":"https:\/\/blog.originalpeople.com\/?p=2995"},"modified":"2020-04-09T15:54:37","modified_gmt":"2020-04-09T14:54:37","slug":"vinyldekaler-for-din-husvagn-husbil-platis-eller-van","status":"publish","type":"post","link":"https:\/\/blog.originalpeople.com\/sv\/2019\/06\/20\/vinyldekaler-for-din-husvagn-husbil-platis-eller-van\/","title":{"rendered":"Vinyldekaler f\u00f6r din husvagn, husbil, pl\u00e5tis eller van."},"content":{"rendered":"<p><img decoding=\"async\" src=\"https:\/\/blog.originalpeople.com\/wp-content\/uploads\/2020\/04\/husvagn-husbil-platis-van-sticker.png\" alt=\"Stickers till husvagn, husbil, pl\u00e5tisar eller van\"\/><\/p>\n<p style=\"text-align: justify; line-height: 1.8\">\nVinyldekaler, s.k. stickers, har blivit allt vanligare p\u00e5 v\u00e5ra v\u00e4gar och campingar de senaste \u00e5ren. Vart man \u00e4n tittar p\u00e5 campingplatser s\u00e5 ser man dessa &#8221;glada gubbar&#8221; p\u00e5 fordonen.\n<\/p>\n<h2>Varf\u00f6r k\u00f6pa personliga dekaler?<\/h2>\n<p style=\"text-align: justify; line-height: 1.8;\">\nMed egendesignade dekaler s\u00e4tter du en personlig pr\u00e4gel p\u00e5 din husvagn, husbil, pl\u00e5tis eller bil. F\u00f6retaget OriginalPeople har hundratals motiv och figurer, djur och symboler som kan kombineras i o\u00e4ndliga varianter. Varje sticker blir personlig och de \u00e4r roliga att designa, vilket kunderna g\u00f6r sj\u00e4lva p\u00e5 sajten <a href=\"https:\/\/www.originalpeople.se\/familj-dekal-vinyl-bil.html\">www.originalpeople.se<\/a>\u00a0Man kan \u00e4ven skriva en egen kul text.\n<\/p>\n<h2>Vilka f\u00e4rger finns och vart kan man s\u00e4tta dem?<\/h2>\n<p style=\"text-align: justify; line-height: 1.8;\">\nMan v\u00e4ljer vinylf\u00e4rg, vit eller svart, beroende p\u00e5 underlagets f\u00e4rg. Dekalerna \u00e4r helt utskurna i en vinyl av h\u00f6gsta kvalitet och passar perfekt p\u00e5 plana ytor som t.ex f\u00f6nster, d\u00f6rrar eller sidan av husbilen\/husvagnen.\n<\/p>\n<p style=\"text-align: justify; line-height: 1.8;\">\nVarje sticker \u00e4r ett hantverk och \u00e4r unik. Dekalerna \u00e4r slitstarka och v\u00e4dert\u00e5liga.\n<\/p>\n<p><img decoding=\"async\" style=\"width: 100%\" src=\"https:\/\/blog.originalpeople.com\/wp-content\/uploads\/2020\/04\/familj-husvagn-sticker-bilsticker.jpg\" alt=\"Familjestickers f\u00f6r din husvagn\"\/><\/p>\n<p style=\"text-align: justify; line-height: 1.8;\">\nStickers kan t.ex. visa vilka olika intressen vi har. Ovan ser vi mamma Hultberg med sin kamera och pappa har fullt upp med grillen. Storasyster cyklar och lillan har sin nallebj\u00f6rn. Det finns \u00e4ven husbils- eller husvagnsklubbar som designar en egen sticker som de alla har, och skriver klubbens namn under figurerna.\n<\/p>\n<p><img decoding=\"async\" style=\"width: 100%\" src=\"https:\/\/blog.originalpeople.com\/wp-content\/uploads\/2020\/04\/husbil-van-platis-sticker-dekal.jpg\" \nalt=\"Dekaler till din husbil eller van\"\/><\/p>\n<p>Det har blivit vanligare att resa med mindre fordon, s\u00e5 kallade pl\u00e5tisar. \u00c4ven dessa har plats f\u00f6r egendesignade vinyldekaler. Ovan ser vi ett par med tv\u00e5 hundar som \u00e4r p\u00e5 tur.<\/p>\n<p><img decoding=\"async\" style=\"width: 100%\" src=\"https:\/\/blog.originalpeople.com\/wp-content\/uploads\/2019\/06\/pl\u00e5tis.png\" \nalt=\"Designa en sticker med glada campare till din husbil eller husvagn\"\/><\/p>\n<h2>Bonusaspekter med stickers<\/h2>\n<p>Det finns tv\u00e5 saker som du kommer att m\u00e4rka i trafiken:<br \/>\n&#8211; Du h\u00f6jer s\u00e4kerheten f\u00f6r dig och din familj. N\u00e4r \u00f6vriga trafikanter ser den glada familjen vinka fr\u00e5n bakdelen av husbilen\/husvagnen framf\u00f6r s\u00e5 blir de p\u00e5minda om att det sitter m\u00e4nniskor i bilen.<br \/>\n&#8211; Vinyldekaler sprider gl\u00e4dje och samh\u00f6righet.<\/p>\n<p>Det \u00e4r inte bara kul att se sina stickers, de \u00e4r \u00e4ven roliga att designa!<\/p>\n<p><img decoding=\"async\" class=\"wp-center-img\" style=\"width: 100%; max-width: 400px;\" src=\"https:\/\/blog.originalpeople.com\/wp-content\/uploads\/2020\/03\/oplogga-originalpeople-tack-sv.jpg\" alt=\"originalpeople op\" \/><\/p>\n","protected":false},"excerpt":{"rendered":"<p>Vinyldekaler, s.k. stickers, har blivit allt vanligare p\u00e5 v\u00e5ra v\u00e4gar och campingar de senaste \u00e5ren. Vart man \u00e4n tittar p\u00e5 campingplatser s\u00e5 ser man dessa &#8221;glada gubbar&#8221; p\u00e5 fordonen. Varf\u00f6r k\u00f6pa personliga dekaler? Med egendesignade dekaler s\u00e4tter du en personlig pr\u00e4gel p\u00e5 din husvagn, husbil, pl\u00e5tis eller bil. F\u00f6retaget OriginalPeople har hundratals motiv och figurer, &hellip; <a href=\"https:\/\/blog.originalpeople.com\/sv\/2019\/06\/20\/vinyldekaler-for-din-husvagn-husbil-platis-eller-van\/\" class=\"more-link\">Forts\u00e4tt l\u00e4sa<span class=\"screen-reader-text\"> &#8221;Vinyldekaler f\u00f6r din husvagn, husbil, pl\u00e5tis eller van.&#8221;<\/span><\/a><\/p>\n","protected":false},"author":1,"featured_media":0,"comment_status":"closed","ping_status":"open","sticky":false,"template":"","format":"standard","meta":{"footnotes":""},"categories":[251,250],"tags":[339,341,342,340,343,338,336,337,335],"yoast_head":"<!-- This site is optimized with the Yoast SEO plugin v21.1 - https:\/\/yoast.com\/wordpress\/plugins\/seo\/ -->\n<title>Vinyldekaler f\u00f6r din husvagn, husbil, pl\u00e5tis eller van. - Originalpeople<\/title>\n<meta name=\"description\" content=\"Vinyldekaler p\u00e5 husvagn, husbil, pl\u00e5tis eller van har blivit vanligt p\u00e5 v\u00e5ra campingar de senaste \u00e5ren. Vart man \u00e4n tittar s\u00e5 ser man dessa &quot;glada gubbar&quot;.\" \/>\n<meta name=\"robots\" content=\"index, follow, max-snippet:-1, max-image-preview:large, max-video-preview:-1\" \/>\n<link rel=\"canonical\" href=\"https:\/\/blog.originalpeople.com\/sv\/2019\/06\/20\/vinyldekaler-for-din-husvagn-husbil-platis-eller-van\/\" \/>\n<meta property=\"og:locale\" content=\"sv_SE\" \/>\n<meta property=\"og:type\" content=\"article\" \/>\n<meta property=\"og:title\" content=\"Vinyldekaler f\u00f6r din husvagn, husbil, pl\u00e5tis eller van. - Originalpeople\" \/>\n<meta property=\"og:description\" content=\"Vinyldekaler p\u00e5 husvagn, husbil, pl\u00e5tis eller van har blivit vanligt p\u00e5 v\u00e5ra campingar de senaste \u00e5ren. Vart man \u00e4n tittar s\u00e5 ser man dessa &quot;glada gubbar&quot;.\" \/>\n<meta property=\"og:url\" content=\"https:\/\/blog.originalpeople.com\/sv\/2019\/06\/20\/vinyldekaler-for-din-husvagn-husbil-platis-eller-van\/\" \/>\n<meta property=\"og:site_name\" content=\"Originalpeople\" \/>\n<meta property=\"article:published_time\" content=\"2019-06-20T15:26:15+00:00\" \/>\n<meta property=\"article:modified_time\" content=\"2020-04-09T14:54:37+00:00\" \/>\n<meta property=\"og:image\" content=\"https:\/\/blog.originalpeople.com\/wp-content\/uploads\/2019\/05\/caravan-sticker-originalpeople2.png\" \/>\n\t<meta property=\"og:image:width\" content=\"600\" \/>\n\t<meta property=\"og:image:height\" content=\"400\" \/>\n\t<meta property=\"og:image:type\" content=\"image\/png\" \/>\n<meta name=\"author\" content=\"op\" \/>\n<meta name=\"twitter:card\" content=\"summary_large_image\" \/>\n<meta name=\"twitter:label1\" content=\"Skriven av\" \/>\n\t<meta name=\"twitter:data1\" content=\"op\" \/>\n\t<meta name=\"twitter:label2\" content=\"Ber\u00e4knad l\u00e4stid\" \/>\n\t<meta name=\"twitter:data2\" content=\"2 minuter\" \/>\n<script type=\"application\/ld+json\" class=\"yoast-schema-graph\">{\"@context\":\"https:\/\/schema.org\",\"@graph\":[{\"@type\":\"Article\",\"@id\":\"https:\/\/blog.originalpeople.com\/sv\/2019\/06\/20\/vinyldekaler-for-din-husvagn-husbil-platis-eller-van\/#article\",\"isPartOf\":{\"@id\":\"https:\/\/blog.originalpeople.com\/sv\/2019\/06\/20\/vinyldekaler-for-din-husvagn-husbil-platis-eller-van\/\"},\"author\":{\"name\":\"op\",\"@id\":\"https:\/\/blog.originalpeople.com\/es\/#\/schema\/person\/ea0e0d0ec5ff98b7d684de07e3457c84\"},\"headline\":\"Vinyldekaler f\u00f6r din husvagn, husbil, pl\u00e5tis eller van.\",\"datePublished\":\"2019-06-20T15:26:15+00:00\",\"dateModified\":\"2020-04-09T14:54:37+00:00\",\"mainEntityOfPage\":{\"@id\":\"https:\/\/blog.originalpeople.com\/sv\/2019\/06\/20\/vinyldekaler-for-din-husvagn-husbil-platis-eller-van\/\"},\"wordCount\":348,\"publisher\":{\"@id\":\"https:\/\/blog.originalpeople.com\/es\/#organization\"},\"keywords\":[\"camping\",\"familjedekaler\",\"husbil\",\"husbilsklubben\",\"husvagn\",\"pl\u00e5tis\",\"stickers\",\"van\",\"vinyldekaler\"],\"articleSection\":[\"Dekaler\",\"Stickers\"],\"inLanguage\":\"sv-SE\"},{\"@type\":\"WebPage\",\"@id\":\"https:\/\/blog.originalpeople.com\/sv\/2019\/06\/20\/vinyldekaler-for-din-husvagn-husbil-platis-eller-van\/\",\"url\":\"https:\/\/blog.originalpeople.com\/sv\/2019\/06\/20\/vinyldekaler-for-din-husvagn-husbil-platis-eller-van\/\",\"name\":\"Vinyldekaler f\u00f6r din husvagn, husbil, pl\u00e5tis eller van. - Originalpeople\",\"isPartOf\":{\"@id\":\"https:\/\/blog.originalpeople.com\/es\/#website\"},\"datePublished\":\"2019-06-20T15:26:15+00:00\",\"dateModified\":\"2020-04-09T14:54:37+00:00\",\"description\":\"Vinyldekaler p\u00e5 husvagn, husbil, pl\u00e5tis eller van har blivit vanligt p\u00e5 v\u00e5ra campingar de senaste \u00e5ren. Vart man \u00e4n tittar s\u00e5 ser man dessa \\\"glada gubbar\\\".\",\"breadcrumb\":{\"@id\":\"https:\/\/blog.originalpeople.com\/sv\/2019\/06\/20\/vinyldekaler-for-din-husvagn-husbil-platis-eller-van\/#breadcrumb\"},\"inLanguage\":\"sv-SE\",\"potentialAction\":[{\"@type\":\"ReadAction\",\"target\":[\"https:\/\/blog.originalpeople.com\/sv\/2019\/06\/20\/vinyldekaler-for-din-husvagn-husbil-platis-eller-van\/\"]}]},{\"@type\":\"BreadcrumbList\",\"@id\":\"https:\/\/blog.originalpeople.com\/sv\/2019\/06\/20\/vinyldekaler-for-din-husvagn-husbil-platis-eller-van\/#breadcrumb\",\"itemListElement\":[{\"@type\":\"ListItem\",\"position\":1,\"name\":\"Home\",\"item\":\"https:\/\/blog.originalpeople.com\/sv\/\"},{\"@type\":\"ListItem\",\"position\":2,\"name\":\"Vinyldekaler f\u00f6r din husvagn, husbil, pl\u00e5tis eller van.\"}]},{\"@type\":\"WebSite\",\"@id\":\"https:\/\/blog.originalpeople.com\/es\/#website\",\"url\":\"https:\/\/blog.originalpeople.com\/es\/\",\"name\":\"Originalpeople\",\"description\":\"Where you design personal sticker decals!\",\"publisher\":{\"@id\":\"https:\/\/blog.originalpeople.com\/es\/#organization\"},\"potentialAction\":[{\"@type\":\"SearchAction\",\"target\":{\"@type\":\"EntryPoint\",\"urlTemplate\":\"https:\/\/blog.originalpeople.com\/es\/?s={search_term_string}\"},\"query-input\":\"required name=search_term_string\"}],\"inLanguage\":\"sv-SE\"},{\"@type\":\"Organization\",\"@id\":\"https:\/\/blog.originalpeople.com\/es\/#organization\",\"name\":\"Originalpeople\",\"url\":\"https:\/\/blog.originalpeople.com\/es\/\",\"logo\":{\"@type\":\"ImageObject\",\"inLanguage\":\"sv-SE\",\"@id\":\"https:\/\/blog.originalpeople.com\/es\/#\/schema\/logo\/image\/\",\"url\":\"https:\/\/blog.originalpeople.com\/wp-content\/uploads\/2016\/10\/oplogo-color-250x56-1.png\",\"contentUrl\":\"https:\/\/blog.originalpeople.com\/wp-content\/uploads\/2016\/10\/oplogo-color-250x56-1.png\",\"width\":250,\"height\":56,\"caption\":\"Originalpeople\"},\"image\":{\"@id\":\"https:\/\/blog.originalpeople.com\/es\/#\/schema\/logo\/image\/\"}},{\"@type\":\"Person\",\"@id\":\"https:\/\/blog.originalpeople.com\/es\/#\/schema\/person\/ea0e0d0ec5ff98b7d684de07e3457c84\",\"name\":\"op\",\"image\":{\"@type\":\"ImageObject\",\"inLanguage\":\"sv-SE\",\"@id\":\"https:\/\/blog.originalpeople.com\/es\/#\/schema\/person\/image\/\",\"url\":\"https:\/\/secure.gravatar.com\/avatar\/b93c4e34c7af02560f0e31f0f96ff05c?s=96&d=mm&r=g\",\"contentUrl\":\"https:\/\/secure.gravatar.com\/avatar\/b93c4e34c7af02560f0e31f0f96ff05c?s=96&d=mm&r=g\",\"caption\":\"op\"},\"sameAs\":[\"http:\/\/www.originalpeople.com\"],\"url\":\"https:\/\/blog.originalpeople.com\/sv\/author\/op\/\"}]}<\/script>\n<!-- \/ Yoast SEO plugin. -->","yoast_head_json":{"title":"Vinyldekaler f\u00f6r din husvagn, husbil, pl\u00e5tis eller van. - Originalpeople","description":"Vinyldekaler p\u00e5 husvagn, husbil, pl\u00e5tis eller van har blivit vanligt p\u00e5 v\u00e5ra campingar de senaste \u00e5ren. Vart man \u00e4n tittar s\u00e5 ser man dessa \"glada gubbar\".","robots":{"index":"index","follow":"follow","max-snippet":"max-snippet:-1","max-image-preview":"max-image-preview:large","max-video-preview":"max-video-preview:-1"},"canonical":"https:\/\/blog.originalpeople.com\/sv\/2019\/06\/20\/vinyldekaler-for-din-husvagn-husbil-platis-eller-van\/","og_locale":"sv_SE","og_type":"article","og_title":"Vinyldekaler f\u00f6r din husvagn, husbil, pl\u00e5tis eller van. - Originalpeople","og_description":"Vinyldekaler p\u00e5 husvagn, husbil, pl\u00e5tis eller van har blivit vanligt p\u00e5 v\u00e5ra campingar de senaste \u00e5ren. Vart man \u00e4n tittar s\u00e5 ser man dessa \"glada gubbar\".","og_url":"https:\/\/blog.originalpeople.com\/sv\/2019\/06\/20\/vinyldekaler-for-din-husvagn-husbil-platis-eller-van\/","og_site_name":"Originalpeople","article_published_time":"2019-06-20T15:26:15+00:00","article_modified_time":"2020-04-09T14:54:37+00:00","og_image":[{"width":600,"height":400,"url":"https:\/\/blog.originalpeople.com\/wp-content\/uploads\/2019\/05\/caravan-sticker-originalpeople2.png","type":"image\/png"}],"author":"op","twitter_card":"summary_large_image","twitter_misc":{"Skriven av":"op","Ber\u00e4knad l\u00e4stid":"2 minuter"},"schema":{"@context":"https:\/\/schema.org","@graph":[{"@type":"Article","@id":"https:\/\/blog.originalpeople.com\/sv\/2019\/06\/20\/vinyldekaler-for-din-husvagn-husbil-platis-eller-van\/#article","isPartOf":{"@id":"https:\/\/blog.originalpeople.com\/sv\/2019\/06\/20\/vinyldekaler-for-din-husvagn-husbil-platis-eller-van\/"},"author":{"name":"op","@id":"https:\/\/blog.originalpeople.com\/es\/#\/schema\/person\/ea0e0d0ec5ff98b7d684de07e3457c84"},"headline":"Vinyldekaler f\u00f6r din husvagn, husbil, pl\u00e5tis eller van.","datePublished":"2019-06-20T15:26:15+00:00","dateModified":"2020-04-09T14:54:37+00:00","mainEntityOfPage":{"@id":"https:\/\/blog.originalpeople.com\/sv\/2019\/06\/20\/vinyldekaler-for-din-husvagn-husbil-platis-eller-van\/"},"wordCount":348,"publisher":{"@id":"https:\/\/blog.originalpeople.com\/es\/#organization"},"keywords":["camping","familjedekaler","husbil","husbilsklubben","husvagn","pl\u00e5tis","stickers","van","vinyldekaler"],"articleSection":["Dekaler","Stickers"],"inLanguage":"sv-SE"},{"@type":"WebPage","@id":"https:\/\/blog.originalpeople.com\/sv\/2019\/06\/20\/vinyldekaler-for-din-husvagn-husbil-platis-eller-van\/","url":"https:\/\/blog.originalpeople.com\/sv\/2019\/06\/20\/vinyldekaler-for-din-husvagn-husbil-platis-eller-van\/","name":"Vinyldekaler f\u00f6r din husvagn, husbil, pl\u00e5tis eller van. - Originalpeople","isPartOf":{"@id":"https:\/\/blog.originalpeople.com\/es\/#website"},"datePublished":"2019-06-20T15:26:15+00:00","dateModified":"2020-04-09T14:54:37+00:00","description":"Vinyldekaler p\u00e5 husvagn, husbil, pl\u00e5tis eller van har blivit vanligt p\u00e5 v\u00e5ra campingar de senaste \u00e5ren. Vart man \u00e4n tittar s\u00e5 ser man dessa \"glada gubbar\".","breadcrumb":{"@id":"https:\/\/blog.originalpeople.com\/sv\/2019\/06\/20\/vinyldekaler-for-din-husvagn-husbil-platis-eller-van\/#breadcrumb"},"inLanguage":"sv-SE","potentialAction":[{"@type":"ReadAction","target":["https:\/\/blog.originalpeople.com\/sv\/2019\/06\/20\/vinyldekaler-for-din-husvagn-husbil-platis-eller-van\/"]}]},{"@type":"BreadcrumbList","@id":"https:\/\/blog.originalpeople.com\/sv\/2019\/06\/20\/vinyldekaler-for-din-husvagn-husbil-platis-eller-van\/#breadcrumb","itemListElement":[{"@type":"ListItem","position":1,"name":"Home","item":"https:\/\/blog.originalpeople.com\/sv\/"},{"@type":"ListItem","position":2,"name":"Vinyldekaler f\u00f6r din husvagn, husbil, pl\u00e5tis eller van."}]},{"@type":"WebSite","@id":"https:\/\/blog.originalpeople.com\/es\/#website","url":"https:\/\/blog.originalpeople.com\/es\/","name":"Originalpeople","description":"Where you design personal sticker decals!","publisher":{"@id":"https:\/\/blog.originalpeople.com\/es\/#organization"},"potentialAction":[{"@type":"SearchAction","target":{"@type":"EntryPoint","urlTemplate":"https:\/\/blog.originalpeople.com\/es\/?s={search_term_string}"},"query-input":"required name=search_term_string"}],"inLanguage":"sv-SE"},{"@type":"Organization","@id":"https:\/\/blog.originalpeople.com\/es\/#organization","name":"Originalpeople","url":"https:\/\/blog.originalpeople.com\/es\/","logo":{"@type":"ImageObject","inLanguage":"sv-SE","@id":"https:\/\/blog.originalpeople.com\/es\/#\/schema\/logo\/image\/","url":"https:\/\/blog.originalpeople.com\/wp-content\/uploads\/2016\/10\/oplogo-color-250x56-1.png","contentUrl":"https:\/\/blog.originalpeople.com\/wp-content\/uploads\/2016\/10\/oplogo-color-250x56-1.png","width":250,"height":56,"caption":"Originalpeople"},"image":{"@id":"https:\/\/blog.originalpeople.com\/es\/#\/schema\/logo\/image\/"}},{"@type":"Person","@id":"https:\/\/blog.originalpeople.com\/es\/#\/schema\/person\/ea0e0d0ec5ff98b7d684de07e3457c84","name":"op","image":{"@type":"ImageObject","inLanguage":"sv-SE","@id":"https:\/\/blog.originalpeople.com\/es\/#\/schema\/person\/image\/","url":"https:\/\/secure.gravatar.com\/avatar\/b93c4e34c7af02560f0e31f0f96ff05c?s=96&d=mm&r=g","contentUrl":"https:\/\/secure.gravatar.com\/avatar\/b93c4e34c7af02560f0e31f0f96ff05c?s=96&d=mm&r=g","caption":"op"},"sameAs":["http:\/\/www.originalpeople.com"],"url":"https:\/\/blog.originalpeople.com\/sv\/author\/op\/"}]}},"yoast_meta":{"yoast_wpseo_focuskw":"Vinyldekaler husvagn husbil pl\u00e5tis van","yoast_wpseo_title":"","yoast_wpseo_metadesc":"Vinyldekaler p\u00e5 husvagn, husbil, pl\u00e5tis eller van har blivit vanligt p\u00e5 v\u00e5ra campingar de senaste \u00e5ren. Vart man \u00e4n tittar s\u00e5 ser man dessa \"glada gubbar\".","yoast_wpseo_linkdex":"59","yoast_wpseo_metakeywords":"","yoast_wpseo_meta-robots-noindex":"","yoast_wpseo_meta-robots-nofollow":"","yoast_wpseo_meta-robots-adv":"","yoast_wpseo_canonical":"","yoast_wpseo_redirect":"","yoast_wpseo_opengraph-title":"","yoast_wpseo_opengraph-description":"","yoast_wpseo_opengraph-image":"https:\/\/blog.originalpeople.com\/wp-content\/uploads\/2019\/05\/caravan-sticker-originalpeople2.png","yoast_wpseo_twitter-title":"","yoast_wpseo_twitter-description":"","yoast_wpseo_twitter-image":""},"_links":{"self":[{"href":"https:\/\/blog.originalpeople.com\/sv\/wp-json\/wp\/v2\/posts\/2995"}],"collection":[{"href":"https:\/\/blog.originalpeople.com\/sv\/wp-json\/wp\/v2\/posts"}],"about":[{"href":"https:\/\/blog.originalpeople.com\/sv\/wp-json\/wp\/v2\/types\/post"}],"author":[{"embeddable":true,"href":"https:\/\/blog.originalpeople.com\/sv\/wp-json\/wp\/v2\/users\/1"}],"replies":[{"embeddable":true,"href":"https:\/\/blog.originalpeople.com\/sv\/wp-json\/wp\/v2\/comments?post=2995"}],"version-history":[{"count":34,"href":"https:\/\/blog.originalpeople.com\/sv\/wp-json\/wp\/v2\/posts\/2995\/revisions"}],"predecessor-version":[{"id":4680,"href":"https:\/\/blog.originalpeople.com\/sv\/wp-json\/wp\/v2\/posts\/2995\/revisions\/4680"}],"wp:attachment":[{"href":"https:\/\/blog.originalpeople.com\/sv\/wp-json\/wp\/v2\/media?parent=2995"}],"wp:term":[{"taxonomy":"category","embeddable":true,"href":"https:\/\/blog.originalpeople.com\/sv\/wp-json\/wp\/v2\/categories?post=2995"},{"taxonomy":"post_tag","embeddable":true,"href":"https:\/\/blog.originalpeople.com\/sv\/wp-json\/wp\/v2\/tags?post=2995"}],"curies":[{"name":"wp","href":"https:\/\/api.w.org\/{rel}","templated":true}]}}